{"id":292,"date":"2024-01-13T13:11:48","date_gmt":"2024-01-13T12:11:48","guid":{"rendered":"https:\/\/cleliafarnoux.com\/?p=292"},"modified":"2024-11-26T08:27:32","modified_gmt":"2024-11-26T07:27:32","slug":"one-way-2024","status":"publish","type":"post","link":"https:\/\/cleliafarnoux.com\/index.php\/2024\/01\/13\/one-way-2024\/","title":{"rendered":"One way"},"content":{"rendered":"\n<p>Le langage nous fait parfois d\u00e9faut. Mais quelles repr\u00e9sentations mentales notre pens\u00e9e mobilise-t-elle, si ce ne sont pas seulement des mots&nbsp;?<\/p>\n\n\n\n<p>Malgr\u00e9 les \u00e9tudes r\u00e9centes, cela reste un myst\u00e8re. On peut supposer selon certains psycholinguistes qu\u2019il s\u2019agisse de concepts, d\u2019intuitions, d\u2019images, d\u2019autres types de repr\u00e9sentations sensorielles (sons, sensations\u2026) On soup\u00e7onne toutefois que la pens\u00e9e utilise n\u00e9cessairement certaines formes de cat\u00e9gorisation et de classification. Des constructions faites de r\u00e9seaux semblables \u00e0 ceux des espaces urbains, dont les psychog\u00e9ographes proposent une \u00e9tude sous le prisme du langage et des \u00e9motions en r\u00e9action aux interpr\u00e9tations fonctionnalistes.<\/p>\n\n\n\n<figure class=\"wp-block-image size-full\"><img loading=\"lazy\" decoding=\"async\" width=\"904\" height=\"1200\" src=\"https:\/\/cleliafarnoux.com\/wp-content\/uploads\/2024\/11\/one-way-2024-clelia-farnoux-1200jpg.jpg\" alt=\"\" class=\"wp-image-1127\" srcset=\"https:\/\/cleliafarnoux.com\/wp-content\/uploads\/2024\/11\/one-way-2024-clelia-farnoux-1200jpg.jpg 904w, https:\/\/cleliafarnoux.com\/wp-content\/uploads\/2024\/11\/one-way-2024-clelia-farnoux-1200jpg-800x1062.jpg 800w, https:\/\/cleliafarnoux.com\/wp-content\/uploads\/2024\/11\/one-way-2024-clelia-farnoux-1200jpg-603x800.jpg 603w, https:\/\/cleliafarnoux.com\/wp-content\/uploads\/2024\/11\/one-way-2024-clelia-farnoux-1200jpg-768x1019.jpg 768w\" sizes=\"auto, (max-width: 904px) 100vw, 904px\" \/><\/figure>\n","protected":false},"excerpt":{"rendered":"<p>Le langage nous fait parfois d\u00e9faut. Mais quelles repr\u00e9sentations mentales notre pens\u00e9e mobilise-t-elle, si ce ne sont pas seulement des [&hellip;]<\/p>\n","protected":false},"author":1,"featured_media":1127,"comment_status":"closed","ping_status":"closed","sticky":false,"template":"","format":"standard","meta":{"site-sidebar-layout":"default","site-content-layout":"","ast-site-content-layout":"default","site-content-style":"default","site-sidebar-style":"default","ast-global-header-display":"","ast-banner-title-visibility":"","ast-main-header-display":"","ast-hfb-above-header-display":"","ast-hfb-below-header-display":"","ast-hfb-mobile-header-display":"","site-post-title":"","ast-breadcrumbs-content":"","ast-featured-img":"","footer-sml-layout":"","ast-disable-related-posts":"","theme-transparent-header-meta":"","adv-header-id-meta":"","stick-header-meta":"","header-above-stick-meta":"","header-main-stick-meta":"","header-below-stick-meta":"","astra-migrate-meta-layouts":"default","ast-page-background-enabled":"default","ast-page-background-meta":{"desktop":{"background-color":"var(--ast-global-color-4)","background-image":"","background-repeat":"repeat","background-position":"center center","background-size":"auto","background-attachment":"scroll","background-type":"","background-media":"","overlay-type":"","overlay-color":"","overlay-opacity":"","overlay-gradient":""},"tablet":{"background-color":"","background-image":"","background-repeat":"repeat","background-position":"center center","background-size":"auto","background-attachment":"scroll","background-type":"","background-media":"","overlay-type":"","overlay-color":"","overlay-opacity":"","overlay-gradient":""},"mobile":{"background-color":"","background-image":"","background-repeat":"repeat","background-position":"center center","background-size":"auto","background-attachment":"scroll","background-type":"","background-media":"","overlay-type":"","overlay-color":"","overlay-opacity":"","overlay-gradient":""}},"ast-content-background-meta":{"desktop":{"background-color":"var(--ast-global-color-5)","background-image":"","background-repeat":"repeat","background-position":"center center","background-size":"auto","background-attachment":"scroll","background-type":"","background-media":"","overlay-type":"","overlay-color":"","overlay-opacity":"","overlay-gradient":""},"tablet":{"background-color":"var(--ast-global-color-5)","background-image":"","background-repeat":"repeat","background-position":"center center","background-size":"auto","background-attachment":"scroll","background-type":"","background-media":"","overlay-type":"","overlay-color":"","overlay-opacity":"","overlay-gradient":""},"mobile":{"background-color":"var(--ast-global-color-5)","background-image":"","background-repeat":"repeat","background-position":"center center","background-size":"auto","background-attachment":"scroll","background-type":"","background-media":"","overlay-type":"","overlay-color":"","overlay-opacity":"","overlay-gradient":""}},"footnotes":""},"categories":[9,30],"tags":[40,5],"class_list":["post-292","post","type-post","status-publish","format-standard","has-post-thumbnail","hentry","category-peinture","category-toutes-les-oeuvres","tag-40","tag-peinture"],"_links":{"self":[{"href":"https:\/\/cleliafarnoux.com\/index.php\/wp-json\/wp\/v2\/posts\/292","targetHints":{"allow":["GET"]}}],"collection":[{"href":"https:\/\/cleliafarnoux.com\/index.php\/wp-json\/wp\/v2\/posts"}],"about":[{"href":"https:\/\/cleliafarnoux.com\/index.php\/wp-json\/wp\/v2\/types\/post"}],"author":[{"embeddable":true,"href":"https:\/\/cleliafarnoux.com\/index.php\/wp-json\/wp\/v2\/users\/1"}],"replies":[{"embeddable":true,"href":"https:\/\/cleliafarnoux.com\/index.php\/wp-json\/wp\/v2\/comments?post=292"}],"version-history":[{"count":0,"href":"https:\/\/cleliafarnoux.com\/index.php\/wp-json\/wp\/v2\/posts\/292\/revisions"}],"wp:featuredmedia":[{"embeddable":true,"href":"https:\/\/cleliafarnoux.com\/index.php\/wp-json\/wp\/v2\/media\/1127"}],"wp:attachment":[{"href":"https:\/\/cleliafarnoux.com\/index.php\/wp-json\/wp\/v2\/media?parent=292"}],"wp:term":[{"taxonomy":"category","embeddable":true,"href":"https:\/\/cleliafarnoux.com\/index.php\/wp-json\/wp\/v2\/categories?post=292"},{"taxonomy":"post_tag","embeddable":true,"href":"https:\/\/cleliafarnoux.com\/index.php\/wp-json\/wp\/v2\/tags?post=292"}],"curies":[{"name":"wp","href":"https:\/\/api.w.org\/{rel}","templated":true}]}}